{"id":727,"date":"2026-04-28T19:00:00","date_gmt":"2026-04-28T22:00:00","guid":{"rendered":"https:\/\/saladejustica.com.br\/blog\/?p=727"},"modified":"2026-04-27T08:24:14","modified_gmt":"2026-04-27T11:24:14","slug":"leviata-desperta-o-universo-que-a-ficcao-cientifica-merecia","status":"publish","type":"post","link":"https:\/\/saladejustica.com.br\/blog\/resenhas\/leviata-desperta-o-universo-que-a-ficcao-cientifica-merecia\/","title":{"rendered":"[Resenha] Leviat\u00e3 Desperta \u2014 O Universo que a Fic\u00e7\u00e3o Cient\u00edfica Merecia"},"content":{"rendered":"<div class=\"wp-block-image\">\n<figure class=\"alignleft size-medium\"><img loading=\"lazy\" decoding=\"async\" width=\"240\" height=\"300\" src=\"https:\/\/saladejustica.com.br\/blog\/wp-content\/uploads\/2026\/04\/Leviata-Desperta-capa-240x300.jpg\" alt=\"Leviat\u00e3 Desperta - capa\" class=\"wp-image-730\" srcset=\"https:\/\/saladejustica.com.br\/blog\/wp-content\/uploads\/2026\/04\/Leviata-Desperta-capa-240x300.jpg 240w, https:\/\/saladejustica.com.br\/blog\/wp-content\/uploads\/2026\/04\/Leviata-Desperta-capa-819x1024.jpg 819w, https:\/\/saladejustica.com.br\/blog\/wp-content\/uploads\/2026\/04\/Leviata-Desperta-capa-768x960.jpg 768w, https:\/\/saladejustica.com.br\/blog\/wp-content\/uploads\/2026\/04\/Leviata-Desperta-capa.jpg 1200w\" sizes=\"auto, (max-width: 240px) 100vw, 240px\" \/><\/figure>\n<\/div>\n\n\n<p><strong>T\u00edtulo:<\/strong> Leviat\u00e3 Desperta (<em>Leviathan Wakes<\/em>) <strong>Autor:<\/strong> James S. A. Corey <strong>Ano:<\/strong> 2011 <strong>S\u00e9rie:<\/strong> The Expanse, vol. 1 <strong>Categoria:<\/strong> Livro \/ Fic\u00e7\u00e3o Cient\u00edfica<\/p>\n\n\n\n<hr class=\"wp-block-separator has-alpha-channel-opacity\"\/>\n\n\n\n<h2 class=\"wp-block-heading\">A Humanidade Como Ela Provavelmente Seria<\/h2>\n\n\n\n<p>Existe um tipo de fic\u00e7\u00e3o cient\u00edfica que n\u00e3o precisa de aliens ex\u00f3ticos nem de saltos qu\u00e2nticos para ser fascinante. Basta pegar o ser humano como ele \u00e9 \u2014 com toda a sua mesquinharia, ambi\u00e7\u00e3o, lealdade e capacidade de improviso \u2014 e jog\u00e1-lo num cen\u00e1rio onde o espa\u00e7o \u00e9 real, as dist\u00e2ncias doem e os recursos s\u00e3o finitos. <em>Leviat\u00e3 Desperta<\/em>, primeiro volume da s\u00e9rie <em>The Expanse<\/em>, faz exatamente isso, e faz muito bem.<\/p>\n\n\n\n<p>O livro \u00e9 assinado por James S. A. Corey, pseud\u00f4nimo da dupla formada por <strong>Daniel Abraham<\/strong> e <strong>Ty Franck<\/strong>. A colabora\u00e7\u00e3o funciona: o resultado \u00e9 uma narrativa coesa, com voz uniforme e um equil\u00edbrio invej\u00e1vel entre worldbuilding e drama humano.<\/p>\n\n\n\n<hr class=\"wp-block-separator has-alpha-channel-opacity\"\/>\n\n\n\n<h2 class=\"wp-block-heading\">Um Sistema Solar de Verdade<\/h2>\n\n\n\n<p>O maior trunfo de <em>Leviat\u00e3 Desperta<\/em> \u00e9 o seu cen\u00e1rio. A humanidade colonizou Marte, que conquistou a independ\u00eancia da Terra e se tornou uma pot\u00eancia militar por direito pr\u00f3prio. Ambas as pot\u00eancias exploram o Cintur\u00e3o de Asteroides \u2014 a vasta faixa de rocha e gelo entre Marte e J\u00fapiter \u2014, extraindo os recursos que sustentam a civiliza\u00e7\u00e3o. E \u00e9 aqui que mora o conflito mais interessante do livro: os <strong>Cinturinos<\/strong>.<\/p>\n\n\n\n<p>Esses trabalhadores do espa\u00e7o profundo s\u00e3o humanos adaptados \u00e0s condi\u00e7\u00f5es extremas do Cintur\u00e3o \u2014 microgravidade constante, ar racionado, \u00e1gua recirculada. Altos, magros, com corpos que n\u00e3o suportariam a gravidade da Terra, eles desenvolveram sua pr\u00f3pria cultura, seu pr\u00f3prio sotaque e sua pr\u00f3pria identidade pol\u00edtica. N\u00e3o s\u00e3o cidad\u00e3os de Marte nem da Terra. S\u00e3o explorados por ambos. E est\u00e3o fartos.<\/p>\n\n\n\n<p>A constru\u00e7\u00e3o desse universo \u00e9 ao mesmo tempo fant\u00e1stica e cr\u00edvel. James Corey descreve os cen\u00e1rios, o cotidiano das esta\u00e7\u00f5es espaciais, a f\u00edsica brutal das viagens interplanet\u00e1rias com um n\u00edvel de detalhe que permite ao leitor visualizar cada ambiente com precis\u00e3o. N\u00e3o h\u00e1 tecnologia m\u00e1gica aqui: as naves demoram semanas para chegar a qualquer lugar, a acelera\u00e7\u00e3o esmaga os tripulantes, e o v\u00e1cuo n\u00e3o perdoa erros.<\/p>\n\n\n\n<hr class=\"wp-block-separator has-alpha-channel-opacity\"\/>\n\n\n\n<figure class=\"wp-block-image size-large\"><img loading=\"lazy\" decoding=\"async\" width=\"1024\" height=\"683\" src=\"https:\/\/saladejustica.com.br\/blog\/wp-content\/uploads\/2026\/04\/Leviata-Desperta-estacao-de-mineracao-em-asteroide-1024x683.png\" alt=\"\" class=\"wp-image-733\" srcset=\"https:\/\/saladejustica.com.br\/blog\/wp-content\/uploads\/2026\/04\/Leviata-Desperta-estacao-de-mineracao-em-asteroide-1024x683.png 1024w, https:\/\/saladejustica.com.br\/blog\/wp-content\/uploads\/2026\/04\/Leviata-Desperta-estacao-de-mineracao-em-asteroide-300x200.png 300w, https:\/\/saladejustica.com.br\/blog\/wp-content\/uploads\/2026\/04\/Leviata-Desperta-estacao-de-mineracao-em-asteroide-768x512.png 768w, https:\/\/saladejustica.com.br\/blog\/wp-content\/uploads\/2026\/04\/Leviata-Desperta-estacao-de-mineracao-em-asteroide.png 1536w\" sizes=\"auto, (max-width: 1024px) 100vw, 1024px\" \/><\/figure>\n\n\n\n<h2 class=\"wp-block-heading\">Dois Protagonistas, Dois Mundos<\/h2>\n\n\n\n<p>A narrativa alterna entre dois pontos de vista que, inicialmente, parecem n\u00e3o ter rela\u00e7\u00e3o alguma.<\/p>\n\n\n\n<p><strong>James Holden<\/strong> \u00e9 o imediato de uma nave mineral do Cintur\u00e3o \u2014 um idealista norte-americano que acredita que a verdade sempre deve ser dita, independente das consequ\u00eancias. Quando sua nave \u00e9 destru\u00edda num ataque misterioso, Holden e seus sobreviventes assumem o controle de uma nave de guerra marciana, a <em>Rocinante<\/em>, e se veem no centro de uma conspira\u00e7\u00e3o que pode incendiar o sistema solar.<\/p>\n\n\n\n<p><strong>Miller<\/strong> \u00e9 um detetive da esta\u00e7\u00e3o Ceres, contratado para encontrar uma jovem desaparecida chamada Julie Mao. Ele \u00e9 o perfeito detetive pulp transplantado para o s\u00e9culo XXIII: c\u00ednico, pr\u00e1tico, movido por uma moralidade t\u00e3o particular que n\u00e3o cabe nos regulamentos. Quem aprecia o Capit\u00e3o Picard no holodeck com seu personagem de fic\u00e7\u00e3o cient\u00edfica, o Dixon Hill, vai reconhecer imediatamente o DNA de Miller. Ele <em>\u00e9<\/em> aquele arqu\u00e9tipo, e funciona muito bem neste cen\u00e1rio.<\/p>\n\n\n\n<p>A din\u00e2mica mais rica do livro, por\u00e9m, est\u00e1 entre Holden e sua imediata e eventual companheira, <strong>Naomi Nagata<\/strong>. Cinturina de nascimento e engenheira-chefe da Rocinante, Naomi \u00e9 a voz da raz\u00e3o pr\u00e1tica num universo que insiste em ser irracional. A rela\u00e7\u00e3o entre os dois \u2014 como capit\u00e3o e imediata, e depois como casal \u2014 \u00e9 constru\u00edda com cumplicidade e respeito genu\u00ednos. H\u00e1 uma cena em particular, ap\u00f3s um ato de viol\u00eancia que divide opini\u00f5es, em que \u00e9 Naomi quem esclarece para Holden que dois pontos de vista opostos podem ser igualmente leg\u00edtimos. \u00c9 o tipo de cena que eleva um bom livro a algo memor\u00e1vel.<\/p>\n\n\n\n<p>Os demais membros da tripula\u00e7\u00e3o da <em>Rocinante<\/em> \u2014 o piloto Alex e o mec\u00e2nico Amos Burton \u2014 s\u00e3o competentes, mas ficam um tanto \u00e0 sombra dos tr\u00eas protagonistas principais. Curiosamente, quem assistiu \u00e0 adapta\u00e7\u00e3o para a televis\u00e3o vai notar que a s\u00e9rie investe mais nesses personagens, especialmente no Amos, cuja lealdade feroz e perspectiva pragm\u00e1tica de mundo ganham muito mais destaque nas telas.<\/p>\n\n\n\n<hr class=\"wp-block-separator has-alpha-channel-opacity\"\/>\n\n\n\n<h2 class=\"wp-block-heading\">Sobre a Adapta\u00e7\u00e3o<\/h2>\n\n\n\n<p>A s\u00e9rie da Amazon, exibida entre 2015 e 2022, \u00e9 uma das melhores adapta\u00e7\u00f5es de fic\u00e7\u00e3o cient\u00edfica j\u00e1 produzidas para a televis\u00e3o. Vale muito a pena, especialmente para quem quer ter uma dimens\u00e3o visual do universo constru\u00eddo no livro. A principal diferen\u00e7a percept\u00edvel na primeira temporada est\u00e1 na din\u00e2mica entre Miller e a tripula\u00e7\u00e3o da <em>Rocinante<\/em>: no livro, as trajet\u00f3rias se cruzam de forma mais org\u00e2nica e gradual; na s\u00e9rie, a intera\u00e7\u00e3o \u00e9 condensada e dramatizada de maneira ligeiramente diferente.<\/p>\n\n\n\n<hr class=\"wp-block-separator has-alpha-channel-opacity\"\/>\n\n\n\n<h2 class=\"wp-block-heading\">Uma Palavra Sobre Forma e Conte\u00fado<\/h2>\n\n\n\n<p>\u00c9 imposs\u00edvel resenhar <em>Leviat\u00e3 Desperta<\/em> sem mencionar um aspecto que pesa na avalia\u00e7\u00e3o: a linguagem. O livro faz uso excessivo de palavr\u00f5es \u2014 a ponto de aparecerem na pr\u00f3pria capa da edi\u00e7\u00e3o brasileira. A hist\u00f3ria \u00e9 adulta em seus temas e situa\u00e7\u00f5es, e ningu\u00e9m esperaria de outra forma. Mas o volume de palavr\u00f5es vai muito al\u00e9m do que o drama exigiria, tornando o livro inacess\u00edvel a um p\u00fablico mais jovem sem nenhum ganho narrativo real. \u00c9 uma escolha estil\u00edstica que empobrece, e n\u00e3o enriquece, a experi\u00eancia de leitura.<\/p>\n\n\n\n<hr class=\"wp-block-separator has-alpha-channel-opacity\"\/>\n\n\n\n<figure class=\"wp-block-image size-large\"><img loading=\"lazy\" decoding=\"async\" width=\"1024\" height=\"683\" src=\"https:\/\/saladejustica.com.br\/blog\/wp-content\/uploads\/2026\/04\/Leviata-Desperta-tripulacao-da-Rocinante-1024x683.png\" alt=\"\" class=\"wp-image-734\" srcset=\"https:\/\/saladejustica.com.br\/blog\/wp-content\/uploads\/2026\/04\/Leviata-Desperta-tripulacao-da-Rocinante-1024x683.png 1024w, https:\/\/saladejustica.com.br\/blog\/wp-content\/uploads\/2026\/04\/Leviata-Desperta-tripulacao-da-Rocinante-300x200.png 300w, https:\/\/saladejustica.com.br\/blog\/wp-content\/uploads\/2026\/04\/Leviata-Desperta-tripulacao-da-Rocinante-768x512.png 768w, https:\/\/saladejustica.com.br\/blog\/wp-content\/uploads\/2026\/04\/Leviata-Desperta-tripulacao-da-Rocinante.png 1536w\" sizes=\"auto, (max-width: 1024px) 100vw, 1024px\" \/><\/figure>\n\n\n\n<h2 class=\"wp-block-heading\">Conclus\u00e3o<\/h2>\n\n\n\n<p><em>Leviat\u00e3 Desperta<\/em> \u00e9 fic\u00e7\u00e3o cient\u00edfica da melhor qualidade: especulativa sem ser ing\u00eanua, humana sem ser sentimental. O worldbuilding \u00e9 excepcional, os personagens principais s\u00e3o tridimensionais e a tens\u00e3o pol\u00edtica entre Terra, Marte e o Cintur\u00e3o cria um pano de fundo rico o suficiente para sustentar uma s\u00e9rie inteira \u2014 o que, de fato, aconteceu. O livro recomenda-se a qualquer amante do g\u00eanero que aprecie uma space opera p\u00e9 no ch\u00e3o, sem FTL, sem teletransporte e sem solu\u00e7\u00f5es f\u00e1ceis.<\/p>\n\n\n\n<p>A editora <strong>Aleph<\/strong> publicou o primeiro volume com esmero, mas infelizmente ainda n\u00e3o trouxe as continua\u00e7\u00f5es para o portugu\u00eas. Para quem n\u00e3o consegue parar no primeiro livro \u2014 e quem conseguir tem mais for\u00e7a de vontade do que eu \u2014, a s\u00e9rie completa de nove volumes est\u00e1 dispon\u00edvel em ingl\u00eas. O investimento vale cada p\u00e1gina.<\/p>\n\n\n\n<p><strong>Nota do Vini: 8\/10 \ud83d\ude0a<\/strong><\/p>\n\n\n\n<hr class=\"wp-block-separator has-alpha-channel-opacity\"\/>\n\n\n\n<p><em>Vin\u00edcius Arag\u00e3o Costa escreve sobre fic\u00e7\u00e3o cient\u00edfica, quadrinhos e cultura geek em saladejustica.com.br<\/em><\/p>\n","protected":false},"excerpt":{"rendered":"<p>James S. A. Corey constr\u00f3i um dos universos mais cr\u00edveis da fic\u00e7\u00e3o cient\u00edfica moderna: sem viagens instant\u00e2neas, sem tecnologia m\u00e1gica, com uma humanidade dividida entre Terra, Marte e os explorados trabalhadores do Cintur\u00e3o de Asteroides. Uma space opera com personagens memor\u00e1veis, worldbuilding excepcional e tens\u00e3o pol\u00edtica que queima em fogo lento. Nota: 8\/10 \ud83d\ude0a<\/p>\n<div class=\"more-link-wrapper\"><a class=\"more-link\" href=\"https:\/\/saladejustica.com.br\/blog\/resenhas\/leviata-desperta-o-universo-que-a-ficcao-cientifica-merecia\/\">Continue lendo<span class=\"screen-reader-text\">[Resenha] Leviat\u00e3 Desperta \u2014 O Universo que a Fic\u00e7\u00e3o Cient\u00edfica Merecia<\/span><\/a><\/div>\n","protected":false},"author":1,"featured_media":729,"comment_status":"open","ping_status":"open","sticky":false,"template":"","format":"standard","meta":{"footnotes":""},"categories":[2],"tags":[],"class_list":["post-727","post","type-post","status-publish","format-standard","has-post-thumbnail","hentry","category-resenhas","entry"],"_links":{"self":[{"href":"https:\/\/saladejustica.com.br\/blog\/wp-json\/wp\/v2\/posts\/727","targetHints":{"allow":["GET"]}}],"collection":[{"href":"https:\/\/saladejustica.com.br\/blog\/wp-json\/wp\/v2\/posts"}],"about":[{"href":"https:\/\/saladejustica.com.br\/blog\/wp-json\/wp\/v2\/types\/post"}],"author":[{"embeddable":true,"href":"https:\/\/saladejustica.com.br\/blog\/wp-json\/wp\/v2\/users\/1"}],"replies":[{"embeddable":true,"href":"https:\/\/saladejustica.com.br\/blog\/wp-json\/wp\/v2\/comments?post=727"}],"version-history":[{"count":4,"href":"https:\/\/saladejustica.com.br\/blog\/wp-json\/wp\/v2\/posts\/727\/revisions"}],"predecessor-version":[{"id":735,"href":"https:\/\/saladejustica.com.br\/blog\/wp-json\/wp\/v2\/posts\/727\/revisions\/735"}],"wp:featuredmedia":[{"embeddable":true,"href":"https:\/\/saladejustica.com.br\/blog\/wp-json\/wp\/v2\/media\/729"}],"wp:attachment":[{"href":"https:\/\/saladejustica.com.br\/blog\/wp-json\/wp\/v2\/media?parent=727"}],"wp:term":[{"taxonomy":"category","embeddable":true,"href":"https:\/\/saladejustica.com.br\/blog\/wp-json\/wp\/v2\/categories?post=727"},{"taxonomy":"post_tag","embeddable":true,"href":"https:\/\/saladejustica.com.br\/blog\/wp-json\/wp\/v2\/tags?post=727"}],"curies":[{"name":"wp","href":"https:\/\/api.w.org\/{rel}","templated":true}]}}